{"id":12388,"date":"2023-02-25T17:12:32","date_gmt":"2023-02-25T16:12:32","guid":{"rendered":"https:\/\/www.paciepagliarigruppo.it\/unkategorisiert\/agricoltura-biologica\/"},"modified":"2023-03-16T15:51:08","modified_gmt":"2023-03-16T14:51:08","slug":"biologische-landwirtschaft","status":"publish","type":"post","link":"https:\/\/www.paciepagliarigruppo.it\/de\/biologische-landwirtschaft\/","title":{"rendered":"Biologische Landwirtschaft"},"content":{"rendered":"<div class=\"row\"  id=\"row-973961089\">\n\n\t<div id=\"col-1480244092\" class=\"col medium-8 small-12 large-8\"  >\n\t\t\t\t<div class=\"col-inner\"  >\n\t\t\t\n\t\t\t\n<h2 class=\"post-title\">Biologische Landwirtschaft<\/h2>\n<p>IFOAM (Internationaler F\u00f6deration der Bewegungen f\u00fcr die organische Landwirtschaft) definiert somit die biologische Landwirtschaft: \u201e<span class=\"&quot;Stile12&quot;\">Alle landwirtschaftlichen Systeme, <strong>die die Produktion von Lebensmitteln und Fasern in einer Sanktion f\u00f6rdern, <\/strong>wirtschaftlich und aus Umweltstand.<\/span><\/p>\n<p>Diese Systeme haben die intrinsische Fruchtbarkeit des Bodens als Grundlage f\u00fcr die Produktionskapazit\u00e4t.\u00a0<strong>In \u00dcbereinstimmung mit der Art der Pflanzen von Tieren und der Landschaft optimieren sie alle diese voneinander abh\u00e4ngigen Faktoren.<\/strong><\/p>\n<p>Die biologische Landwirtschaft reduziert die Verwendung externer Eingaben durch Ausschluss von D\u00fcngemitteln, Pestiziden und chemischen synthetischen Arzneimitteln drastisch. Im Gegenteil, es nutzt die St\u00e4rke der Naturgesetze, um die Ertr\u00e4ge und den Widerstand gegen Krankheiten zu erh\u00f6hen\u201c.<\/p>\n<p class=\"&quot;pacipagliari&quot;\" align=\"&quot;justify&quot;\">In der biologischen Synthese wird alles, was durch eine Produktionsmethode erhalten wird, die nicht auf synthetische Produkte zur\u00fcckgreift und eine Reihe von Regeln respektiert, die den Hersteller in ihrer eigenen operativen Art und Weise binden.<\/p>\n<p class=\"&quot;pacipagliari&quot;\" align=\"&quot;justify&quot;\"><strong>Die Gruppe Paci &amp; Pagliari glaubt und unterst\u00fctzt die biologische Identit\u00e4t ihrer Produkte, bietet seinen Kunden Produkte ohne die Hilfe chemischer D\u00fcnger und wird gem\u00e4\u00df den strengen Kontrollregeln behandelt.<\/strong><\/p>\n\t\t<\/div>\n\t\t\t\t\t<\/div>\n\n\t\n\n\t<div id=\"col-456302538\" class=\"col medium-4 small-12 large-4\"  >\n\t\t\t\t<div class=\"col-inner\"  >\n\t\t\t\n\t\t\t\n\n  <div class=\"banner has-hover\" id=\"banner-661496322\">\n          <div class=\"banner-inner fill\">\n        <div class=\"banner-bg fill\" >\n            <img loading=\"lazy\" decoding=\"async\" width=\"1000\" height=\"1500\" src=\"https:\/\/www.paciepagliarigruppo.it\/wp-content\/uploads\/2023\/02\/agricoltura.jpeg\" class=\"bg attachment-original size-original\" alt=\"\" \/>                                    \n                    <\/div>\n\t\t\n        <div class=\"banner-layers container\">\n            <div class=\"fill banner-link\"><\/div>            \n   <div id=\"text-box-614821914\" class=\"text-box banner-layer x50 md-x50 lg-x50 y50 md-y50 lg-y50 res-text\">\n                                <div class=\"text-box-content text dark\">\n              \n              <div class=\"text-inner text-center\">\n                  \n              <\/div>\n           <\/div>\n                            \n<style>\n#text-box-614821914 {\n  width: 60%;\n}\n#text-box-614821914 .text-box-content {\n  font-size: 100%;\n}\n@media (min-width:550px) {\n  #text-box-614821914 {\n    width: 60%;\n  }\n}\n<\/style>\n    <\/div>\n \n        <\/div>\n      <\/div>\n\n            \n<style>\n#banner-661496322 {\n  padding-top: 500px;\n}\n<\/style>\n  <\/div>\n\n\n\t\t<\/div>\n\t\t\t\t\t<\/div>\n\n\t\n<\/div>\n<div class=\"row\"  id=\"row-937579085\">\n\n\t<div id=\"col-179822503\" class=\"col small-12 large-12\"  >\n\t\t\t\t<div class=\"col-inner\"  >\n\t\t\t\n\t\t\t\n<div class=\"is-divider divider clearfix\" style=\"max-width:100%;height:2px;background-color:rgb(232, 232, 232);\"><\/div>\n<div class=\"social-icons share-icons share-row relative full-width text-center\" ><a href=\"whatsapp:\/\/send?text=Biologische%20Landwirtschaft - https:\/\/www.paciepagliarigruppo.it\/de\/biologische-landwirtschaft\/\" data-action=\"share\/whatsapp\/share\" class=\"icon primary button round tooltip whatsapp show-for-medium\" title=\"Auf WhatsApp teilen\" aria-label=\"Auf WhatsApp teilen\"><i class=\"icon-whatsapp\" aria-hidden=\"true\"><\/i><\/a><a href=\"https:\/\/www.facebook.com\/sharer.php?u=https:\/\/www.paciepagliarigruppo.it\/de\/biologische-landwirtschaft\/\" data-label=\"Facebook\" onclick=\"window.open(this.href,this.title,'width=500,height=500,top=300px,left=300px'); return false;\" target=\"_blank\" class=\"icon primary button round tooltip facebook\" title=\"Auf Facebook teilen\" aria-label=\"Auf Facebook teilen\" rel=\"noopener nofollow\"><i class=\"icon-facebook\" aria-hidden=\"true\"><\/i><\/a><a href=\"mailto:?subject=Biologische%20Landwirtschaft&body=Schau%20dir%20das%20an%3A%20https%3A%2F%2Fwww.paciepagliarigruppo.it%2Fde%2Fbiologische-landwirtschaft%2F\" class=\"icon primary button round tooltip email\" title=\"E-mail an einen Freund senden\" aria-label=\"E-mail an einen Freund senden\" rel=\"nofollow\"><i class=\"icon-envelop\" aria-hidden=\"true\"><\/i><\/a><a href=\"https:\/\/www.linkedin.com\/shareArticle?mini=true&url=https:\/\/www.paciepagliarigruppo.it\/de\/biologische-landwirtschaft\/&title=Biologische%20Landwirtschaft\" onclick=\"window.open(this.href,this.title,'width=500,height=500,top=300px,left=300px'); return false;\" target=\"_blank\" class=\"icon primary button round tooltip linkedin\" title=\"Auf LinkedIn teilen\" aria-label=\"Auf LinkedIn teilen\" rel=\"noopener nofollow\"><i class=\"icon-linkedin\" aria-hidden=\"true\"><\/i><\/a><\/div>\n<div class=\"is-divider divider clearfix\" style=\"max-width:100%;height:2px;background-color:rgb(232, 232, 232);\"><\/div>\n\t<div id=\"gap-1052421619\" class=\"gap-element clearfix\" style=\"display:block; height:auto;\">\n\t\t\n<style>\n#gap-1052421619 {\n  padding-top: 50px;\n}\n<\/style>\n\t<\/div>\n\t\n<h1 class=\"vc_custom_heading azirspares_custom_6381077f13b1d\">Sie k\u00f6nnten auch interessiert sein<\/h1>\n\t\t<\/div>\n\t\t\t\t\t<\/div>\n\n\t\n<\/div>\n\n  \n    <div class=\"row large-columns-3 medium-columns-1 small-columns-1 slider row-slider slider-nav-reveal slider-nav-push\"  data-flickity-options='{&quot;imagesLoaded&quot;: true, &quot;groupCells&quot;: &quot;100%&quot;, &quot;dragThreshold&quot; : 5, &quot;cellAlign&quot;: &quot;left&quot;,&quot;wrapAround&quot;: true,&quot;prevNextButtons&quot;: true,&quot;percentPosition&quot;: true,&quot;pageDots&quot;: false, &quot;rightToLeft&quot;: false, &quot;autoPlay&quot; : false}' >\n\n  <div class=\"col post-item\" >\n\t\t\t<div class=\"col-inner\">\n\t\t\t\t<div class=\"box box-normal box-text-bottom box-blog-post has-hover\">\n            \t\t\t\t\t<div class=\"box-image\" >\n  \t\t\t\t\t\t<div class=\"image-cover\" style=\"padding-top:56.25%;\">\n\t\t\t\t\t\t\t<a href=\"https:\/\/www.paciepagliarigruppo.it\/de\/luzerne-mehr-dazu\/\" class=\"plain\" aria-label=\"Luzerne: mehr dazu\">\n\t\t\t\t\t\t\t\t<img loading=\"lazy\" decoding=\"async\" width=\"300\" height=\"187\" src=\"https:\/\/www.paciepagliarigruppo.it\/wp-content\/uploads\/2022\/06\/Balla-di-fieno-1-2048x1279-1-300x187.png\" class=\"attachment-medium size-medium wp-post-image\" alt=\"\" srcset=\"https:\/\/www.paciepagliarigruppo.it\/wp-content\/uploads\/2022\/06\/Balla-di-fieno-1-2048x1279-1-300x187.png 300w, https:\/\/www.paciepagliarigruppo.it\/wp-content\/uploads\/2022\/06\/Balla-di-fieno-1-2048x1279-1-1024x640.png 1024w, https:\/\/www.paciepagliarigruppo.it\/wp-content\/uploads\/2022\/06\/Balla-di-fieno-1-2048x1279-1-768x480.png 768w, https:\/\/www.paciepagliarigruppo.it\/wp-content\/uploads\/2022\/06\/Balla-di-fieno-1-2048x1279-1-1536x959.png 1536w, https:\/\/www.paciepagliarigruppo.it\/wp-content\/uploads\/2022\/06\/Balla-di-fieno-1-2048x1279-1.png 2048w\" sizes=\"auto, (max-width: 300px) 100vw, 300px\" \/>\t\t\t\t\t\t\t<\/a>\n  \t\t\t\t\t\t\t  \t\t\t\t\t\t\t  \t\t\t\t\t\t<\/div>\n  \t\t\t\t\t\t  \t\t\t\t\t<\/div>\n          \t\t\t\t\t<div class=\"box-text text-left\" >\n\t\t\t\t\t<div class=\"box-text-inner blog-post-inner\">\n\n\t\t\t\t\t\n\t\t\t\t\t\t\t\t\t\t<h5 class=\"post-title is-large \">\n\t\t\t\t\t\t<a href=\"https:\/\/www.paciepagliarigruppo.it\/de\/luzerne-mehr-dazu\/\" class=\"plain\">Luzerne: mehr dazu<\/a>\n\t\t\t\t\t<\/h5>\n\t\t\t\t\t\t\t\t\t\t<div class=\"is-divider\"><\/div>\n\t\t\t\t\t\t\t\t\t\t<p class=\"from_the_blog_excerpt \">\n\t\t\t\t\t\tMedicago sativa ist eine mehrj\u00e4hrige Pflanze mit einem dichtenden Radikalger\u00e4t, das eine L\u00e4nge von 3 [...]\t\t\t\t\t<\/p>\n\t\t\t\t\t                    \n\t\t\t\t\t\t\t\t\t\t\t<a href=\"https:\/\/www.paciepagliarigruppo.it\/de\/luzerne-mehr-dazu\/\" class=\"button primary is-bevel is-small mb-0\">\n\t\t\t\t\t\t\tLeggi di pi\u00f9\t\t\t\t\t\t<\/a>\n\t\t\t\t\t\n\t\t\t\t\t\n\t\t\t\t\t<\/div>\n\t\t\t\t\t<\/div>\n\t\t\t\t\t\t\t\t\t<\/div>\n\t\t\t<\/div>\n\t\t<\/div><div class=\"col post-item\" >\n\t\t\t<div class=\"col-inner\">\n\t\t\t\t<div class=\"box box-normal box-text-bottom box-blog-post has-hover\">\n            \t\t\t\t\t<div class=\"box-image\" >\n  \t\t\t\t\t\t<div class=\"image-cover\" style=\"padding-top:56.25%;\">\n\t\t\t\t\t\t\t<a href=\"https:\/\/www.paciepagliarigruppo.it\/de\/was-ist-biogas\/\" class=\"plain\" aria-label=\"Was ist Biogas?\">\n\t\t\t\t\t\t\t\t<img loading=\"lazy\" decoding=\"async\" width=\"300\" height=\"225\" src=\"https:\/\/www.paciepagliarigruppo.it\/wp-content\/uploads\/2023\/06\/AdobeStock_271051677-300x225.jpg\" class=\"attachment-medium size-medium wp-post-image\" alt=\"\" srcset=\"https:\/\/www.paciepagliarigruppo.it\/wp-content\/uploads\/2023\/06\/AdobeStock_271051677-300x225.jpg 300w, https:\/\/www.paciepagliarigruppo.it\/wp-content\/uploads\/2023\/06\/AdobeStock_271051677-1024x768.jpg 1024w, https:\/\/www.paciepagliarigruppo.it\/wp-content\/uploads\/2023\/06\/AdobeStock_271051677-768x576.jpg 768w, https:\/\/www.paciepagliarigruppo.it\/wp-content\/uploads\/2023\/06\/AdobeStock_271051677-1536x1152.jpg 1536w, https:\/\/www.paciepagliarigruppo.it\/wp-content\/uploads\/2023\/06\/AdobeStock_271051677-2048x1536.jpg 2048w\" sizes=\"auto, (max-width: 300px) 100vw, 300px\" \/>\t\t\t\t\t\t\t<\/a>\n  \t\t\t\t\t\t\t  \t\t\t\t\t\t\t  \t\t\t\t\t\t<\/div>\n  \t\t\t\t\t\t  \t\t\t\t\t<\/div>\n          \t\t\t\t\t<div class=\"box-text text-left\" >\n\t\t\t\t\t<div class=\"box-text-inner blog-post-inner\">\n\n\t\t\t\t\t\n\t\t\t\t\t\t\t\t\t\t<h5 class=\"post-title is-large \">\n\t\t\t\t\t\t<a href=\"https:\/\/www.paciepagliarigruppo.it\/de\/was-ist-biogas\/\" class=\"plain\">Was ist Biogas?<\/a>\n\t\t\t\t\t<\/h5>\n\t\t\t\t\t\t\t\t\t\t<div class=\"is-divider\"><\/div>\n\t\t\t\t\t\t\t\t\t\t<p class=\"from_the_blog_excerpt \">\n\t\t\t\t\t\tBiogas ist ein Gemisch aus Methangas und Kohlendioxid, das durch Fermentation ohne Sauerstoff (oder anaeroben [...]\t\t\t\t\t<\/p>\n\t\t\t\t\t                    \n\t\t\t\t\t\t\t\t\t\t\t<a href=\"https:\/\/www.paciepagliarigruppo.it\/de\/was-ist-biogas\/\" class=\"button primary is-bevel is-small mb-0\">\n\t\t\t\t\t\t\tLeggi di pi\u00f9\t\t\t\t\t\t<\/a>\n\t\t\t\t\t\n\t\t\t\t\t\n\t\t\t\t\t<\/div>\n\t\t\t\t\t<\/div>\n\t\t\t\t\t\t\t\t\t<\/div>\n\t\t\t<\/div>\n\t\t<\/div><\/div>\n","protected":false},"excerpt":{"rendered":"<p>IFOAM (Internationaler F\u00f6deration der Bewegungen f\u00fcr die organische Landwirtschaft) definiert somit die biologische Landwirtschaft: \u201eAlle landwirtschaftlichen Systeme, die die Produktion von Lebensmitteln und Fasern in einer Sanktion f\u00f6rdern, wirtschaftlich und aus Umweltstand.<\/p>\n","protected":false},"author":6,"featured_media":10417,"comment_status":"closed","ping_status":"closed","sticky":false,"template":"","format":"standard","meta":{"_acf_changed":false,"footnotes":""},"categories":[392],"tags":[],"class_list":["post-12388","post","type-post","status-publish","format-standard","has-post-thumbnail","hentry","category-news-de"],"acf":[],"yoast_head":"<!-- This site is optimized with the Yoast SEO plugin v27.4 - https:\/\/yoast.com\/product\/yoast-seo-wordpress\/ -->\n<title>Biologische Landwirtschaft - paci e pagliari - Alfalfa- und Futterproduktion<\/title>\n<meta name=\"robots\" content=\"index, follow, max-snippet:-1, max-image-preview:large, max-video-preview:-1\" \/>\n<link rel=\"canonical\" href=\"https:\/\/www.paciepagliarigruppo.it\/de\/biologische-landwirtschaft\/\" \/>\n<meta property=\"og:locale\" content=\"de_DE\" \/>\n<meta property=\"og:type\" content=\"article\" \/>\n<meta property=\"og:title\" content=\"Biologische Landwirtschaft - paci e pagliari - Alfalfa- und Futterproduktion\" \/>\n<meta property=\"og:description\" content=\"IFOAM (Internationaler F\u00f6deration der Bewegungen f\u00fcr die organische Landwirtschaft) definiert somit die biologische Landwirtschaft: \u201eAlle landwirtschaftlichen Systeme, die die Produktion von Lebensmitteln und Fasern in einer Sanktion f\u00f6rdern, wirtschaftlich und aus Umweltstand.\" \/>\n<meta property=\"og:url\" content=\"https:\/\/www.paciepagliarigruppo.it\/de\/biologische-landwirtschaft\/\" \/>\n<meta property=\"og:site_name\" content=\"paci e pagliari - Alfalfa- und Futterproduktion\" \/>\n<meta property=\"article:published_time\" content=\"2023-02-25T16:12:32+00:00\" \/>\n<meta property=\"article:modified_time\" content=\"2023-03-16T14:51:08+00:00\" \/>\n<meta property=\"og:image\" content=\"https:\/\/www.paciepagliarigruppo.it\/wp-content\/uploads\/2022\/06\/Ape-2048x1279-1.png\" \/>\n\t<meta property=\"og:image:width\" content=\"2048\" \/>\n\t<meta property=\"og:image:height\" content=\"1279\" \/>\n\t<meta property=\"og:image:type\" content=\"image\/png\" \/>\n<meta name=\"author\" content=\"paciepagliari\" \/>\n<meta name=\"twitter:card\" content=\"summary_large_image\" \/>\n<meta name=\"twitter:label1\" content=\"Verfasst von\" \/>\n\t<meta name=\"twitter:data1\" content=\"paciepagliari\" \/>\n\t<meta name=\"twitter:label2\" content=\"Gesch\u00e4tzte Lesezeit\" \/>\n\t<meta name=\"twitter:data2\" content=\"1\u00a0Minute\" \/>\n<script type=\"application\/ld+json\" class=\"yoast-schema-graph\">{\"@context\":\"https:\\\/\\\/schema.org\",\"@graph\":[{\"@type\":\"Article\",\"@id\":\"https:\\\/\\\/www.paciepagliarigruppo.it\\\/de\\\/biologische-landwirtschaft\\\/#article\",\"isPartOf\":{\"@id\":\"https:\\\/\\\/www.paciepagliarigruppo.it\\\/de\\\/biologische-landwirtschaft\\\/\"},\"author\":{\"name\":\"paciepagliari\",\"@id\":\"https:\\\/\\\/www.paciepagliarigruppo.it\\\/de\\\/#\\\/schema\\\/person\\\/48a4bce931c450818369cb3b4cd05219\"},\"headline\":\"Biologische Landwirtschaft\",\"datePublished\":\"2023-02-25T16:12:32+00:00\",\"dateModified\":\"2023-03-16T14:51:08+00:00\",\"mainEntityOfPage\":{\"@id\":\"https:\\\/\\\/www.paciepagliarigruppo.it\\\/de\\\/biologische-landwirtschaft\\\/\"},\"wordCount\":272,\"image\":{\"@id\":\"https:\\\/\\\/www.paciepagliarigruppo.it\\\/de\\\/biologische-landwirtschaft\\\/#primaryimage\"},\"thumbnailUrl\":\"https:\\\/\\\/www.paciepagliarigruppo.it\\\/wp-content\\\/uploads\\\/2022\\\/06\\\/Ape-2048x1279-1.png\",\"articleSection\":[\"News\"],\"inLanguage\":\"de\"},{\"@type\":\"WebPage\",\"@id\":\"https:\\\/\\\/www.paciepagliarigruppo.it\\\/de\\\/biologische-landwirtschaft\\\/\",\"url\":\"https:\\\/\\\/www.paciepagliarigruppo.it\\\/de\\\/biologische-landwirtschaft\\\/\",\"name\":\"Biologische Landwirtschaft - paci e pagliari - Alfalfa- und Futterproduktion\",\"isPartOf\":{\"@id\":\"https:\\\/\\\/www.paciepagliarigruppo.it\\\/de\\\/#website\"},\"primaryImageOfPage\":{\"@id\":\"https:\\\/\\\/www.paciepagliarigruppo.it\\\/de\\\/biologische-landwirtschaft\\\/#primaryimage\"},\"image\":{\"@id\":\"https:\\\/\\\/www.paciepagliarigruppo.it\\\/de\\\/biologische-landwirtschaft\\\/#primaryimage\"},\"thumbnailUrl\":\"https:\\\/\\\/www.paciepagliarigruppo.it\\\/wp-content\\\/uploads\\\/2022\\\/06\\\/Ape-2048x1279-1.png\",\"datePublished\":\"2023-02-25T16:12:32+00:00\",\"dateModified\":\"2023-03-16T14:51:08+00:00\",\"author\":{\"@id\":\"https:\\\/\\\/www.paciepagliarigruppo.it\\\/de\\\/#\\\/schema\\\/person\\\/48a4bce931c450818369cb3b4cd05219\"},\"breadcrumb\":{\"@id\":\"https:\\\/\\\/www.paciepagliarigruppo.it\\\/de\\\/biologische-landwirtschaft\\\/#breadcrumb\"},\"inLanguage\":\"de\",\"potentialAction\":[{\"@type\":\"ReadAction\",\"target\":[\"https:\\\/\\\/www.paciepagliarigruppo.it\\\/de\\\/biologische-landwirtschaft\\\/\"]}]},{\"@type\":\"ImageObject\",\"inLanguage\":\"de\",\"@id\":\"https:\\\/\\\/www.paciepagliarigruppo.it\\\/de\\\/biologische-landwirtschaft\\\/#primaryimage\",\"url\":\"https:\\\/\\\/www.paciepagliarigruppo.it\\\/wp-content\\\/uploads\\\/2022\\\/06\\\/Ape-2048x1279-1.png\",\"contentUrl\":\"https:\\\/\\\/www.paciepagliarigruppo.it\\\/wp-content\\\/uploads\\\/2022\\\/06\\\/Ape-2048x1279-1.png\",\"width\":2048,\"height\":1279},{\"@type\":\"BreadcrumbList\",\"@id\":\"https:\\\/\\\/www.paciepagliarigruppo.it\\\/de\\\/biologische-landwirtschaft\\\/#breadcrumb\",\"itemListElement\":[{\"@type\":\"ListItem\",\"position\":1,\"name\":\"Home\",\"item\":\"https:\\\/\\\/www.paciepagliarigruppo.it\\\/de\\\/\"},{\"@type\":\"ListItem\",\"position\":2,\"name\":\"Biologische Landwirtschaft\"}]},{\"@type\":\"WebSite\",\"@id\":\"https:\\\/\\\/www.paciepagliarigruppo.it\\\/de\\\/#website\",\"url\":\"https:\\\/\\\/www.paciepagliarigruppo.it\\\/de\\\/\",\"name\":\"Paci & Pagliari\",\"description\":\"Produzione erba medica e foraggi\",\"potentialAction\":[{\"@type\":\"SearchAction\",\"target\":{\"@type\":\"EntryPoint\",\"urlTemplate\":\"https:\\\/\\\/www.paciepagliarigruppo.it\\\/de\\\/?s={search_term_string}\"},\"query-input\":{\"@type\":\"PropertyValueSpecification\",\"valueRequired\":true,\"valueName\":\"search_term_string\"}}],\"inLanguage\":\"de\"},{\"@type\":\"Person\",\"@id\":\"https:\\\/\\\/www.paciepagliarigruppo.it\\\/de\\\/#\\\/schema\\\/person\\\/48a4bce931c450818369cb3b4cd05219\",\"name\":\"paciepagliari\",\"url\":\"https:\\\/\\\/www.paciepagliarigruppo.it\\\/de\\\/author\\\/paciepagliari\\\/\"}]}<\/script>\n<!-- \/ Yoast SEO plugin. -->","yoast_head_json":{"title":"Biologische Landwirtschaft - paci e pagliari - Alfalfa- und Futterproduktion","robots":{"index":"index","follow":"follow","max-snippet":"max-snippet:-1","max-image-preview":"max-image-preview:large","max-video-preview":"max-video-preview:-1"},"canonical":"https:\/\/www.paciepagliarigruppo.it\/de\/biologische-landwirtschaft\/","og_locale":"de_DE","og_type":"article","og_title":"Biologische Landwirtschaft - paci e pagliari - Alfalfa- und Futterproduktion","og_description":"IFOAM (Internationaler F\u00f6deration der Bewegungen f\u00fcr die organische Landwirtschaft) definiert somit die biologische Landwirtschaft: \u201eAlle landwirtschaftlichen Systeme, die die Produktion von Lebensmitteln und Fasern in einer Sanktion f\u00f6rdern, wirtschaftlich und aus Umweltstand.","og_url":"https:\/\/www.paciepagliarigruppo.it\/de\/biologische-landwirtschaft\/","og_site_name":"paci e pagliari - Alfalfa- und Futterproduktion","article_published_time":"2023-02-25T16:12:32+00:00","article_modified_time":"2023-03-16T14:51:08+00:00","og_image":[{"width":2048,"height":1279,"url":"https:\/\/www.paciepagliarigruppo.it\/wp-content\/uploads\/2022\/06\/Ape-2048x1279-1.png","type":"image\/png"}],"author":"paciepagliari","twitter_card":"summary_large_image","twitter_misc":{"Verfasst von":"paciepagliari","Gesch\u00e4tzte Lesezeit":"1\u00a0Minute"},"schema":{"@context":"https:\/\/schema.org","@graph":[{"@type":"Article","@id":"https:\/\/www.paciepagliarigruppo.it\/de\/biologische-landwirtschaft\/#article","isPartOf":{"@id":"https:\/\/www.paciepagliarigruppo.it\/de\/biologische-landwirtschaft\/"},"author":{"name":"paciepagliari","@id":"https:\/\/www.paciepagliarigruppo.it\/de\/#\/schema\/person\/48a4bce931c450818369cb3b4cd05219"},"headline":"Biologische Landwirtschaft","datePublished":"2023-02-25T16:12:32+00:00","dateModified":"2023-03-16T14:51:08+00:00","mainEntityOfPage":{"@id":"https:\/\/www.paciepagliarigruppo.it\/de\/biologische-landwirtschaft\/"},"wordCount":272,"image":{"@id":"https:\/\/www.paciepagliarigruppo.it\/de\/biologische-landwirtschaft\/#primaryimage"},"thumbnailUrl":"https:\/\/www.paciepagliarigruppo.it\/wp-content\/uploads\/2022\/06\/Ape-2048x1279-1.png","articleSection":["News"],"inLanguage":"de"},{"@type":"WebPage","@id":"https:\/\/www.paciepagliarigruppo.it\/de\/biologische-landwirtschaft\/","url":"https:\/\/www.paciepagliarigruppo.it\/de\/biologische-landwirtschaft\/","name":"Biologische Landwirtschaft - paci e pagliari - Alfalfa- und Futterproduktion","isPartOf":{"@id":"https:\/\/www.paciepagliarigruppo.it\/de\/#website"},"primaryImageOfPage":{"@id":"https:\/\/www.paciepagliarigruppo.it\/de\/biologische-landwirtschaft\/#primaryimage"},"image":{"@id":"https:\/\/www.paciepagliarigruppo.it\/de\/biologische-landwirtschaft\/#primaryimage"},"thumbnailUrl":"https:\/\/www.paciepagliarigruppo.it\/wp-content\/uploads\/2022\/06\/Ape-2048x1279-1.png","datePublished":"2023-02-25T16:12:32+00:00","dateModified":"2023-03-16T14:51:08+00:00","author":{"@id":"https:\/\/www.paciepagliarigruppo.it\/de\/#\/schema\/person\/48a4bce931c450818369cb3b4cd05219"},"breadcrumb":{"@id":"https:\/\/www.paciepagliarigruppo.it\/de\/biologische-landwirtschaft\/#breadcrumb"},"inLanguage":"de","potentialAction":[{"@type":"ReadAction","target":["https:\/\/www.paciepagliarigruppo.it\/de\/biologische-landwirtschaft\/"]}]},{"@type":"ImageObject","inLanguage":"de","@id":"https:\/\/www.paciepagliarigruppo.it\/de\/biologische-landwirtschaft\/#primaryimage","url":"https:\/\/www.paciepagliarigruppo.it\/wp-content\/uploads\/2022\/06\/Ape-2048x1279-1.png","contentUrl":"https:\/\/www.paciepagliarigruppo.it\/wp-content\/uploads\/2022\/06\/Ape-2048x1279-1.png","width":2048,"height":1279},{"@type":"BreadcrumbList","@id":"https:\/\/www.paciepagliarigruppo.it\/de\/biologische-landwirtschaft\/#breadcrumb","itemListElement":[{"@type":"ListItem","position":1,"name":"Home","item":"https:\/\/www.paciepagliarigruppo.it\/de\/"},{"@type":"ListItem","position":2,"name":"Biologische Landwirtschaft"}]},{"@type":"WebSite","@id":"https:\/\/www.paciepagliarigruppo.it\/de\/#website","url":"https:\/\/www.paciepagliarigruppo.it\/de\/","name":"Paci & Pagliari","description":"Produzione erba medica e foraggi","potentialAction":[{"@type":"SearchAction","target":{"@type":"EntryPoint","urlTemplate":"https:\/\/www.paciepagliarigruppo.it\/de\/?s={search_term_string}"},"query-input":{"@type":"PropertyValueSpecification","valueRequired":true,"valueName":"search_term_string"}}],"inLanguage":"de"},{"@type":"Person","@id":"https:\/\/www.paciepagliarigruppo.it\/de\/#\/schema\/person\/48a4bce931c450818369cb3b4cd05219","name":"paciepagliari","url":"https:\/\/www.paciepagliarigruppo.it\/de\/author\/paciepagliari\/"}]}},"_links":{"self":[{"href":"https:\/\/www.paciepagliarigruppo.it\/de\/wp-json\/wp\/v2\/posts\/12388","targetHints":{"allow":["GET"]}}],"collection":[{"href":"https:\/\/www.paciepagliarigruppo.it\/de\/wp-json\/wp\/v2\/posts"}],"about":[{"href":"https:\/\/www.paciepagliarigruppo.it\/de\/wp-json\/wp\/v2\/types\/post"}],"author":[{"embeddable":true,"href":"https:\/\/www.paciepagliarigruppo.it\/de\/wp-json\/wp\/v2\/users\/6"}],"replies":[{"embeddable":true,"href":"https:\/\/www.paciepagliarigruppo.it\/de\/wp-json\/wp\/v2\/comments?post=12388"}],"version-history":[{"count":5,"href":"https:\/\/www.paciepagliarigruppo.it\/de\/wp-json\/wp\/v2\/posts\/12388\/revisions"}],"predecessor-version":[{"id":12405,"href":"https:\/\/www.paciepagliarigruppo.it\/de\/wp-json\/wp\/v2\/posts\/12388\/revisions\/12405"}],"wp:featuredmedia":[{"embeddable":true,"href":"https:\/\/www.paciepagliarigruppo.it\/de\/wp-json\/wp\/v2\/media\/10417"}],"wp:attachment":[{"href":"https:\/\/www.paciepagliarigruppo.it\/de\/wp-json\/wp\/v2\/media?parent=12388"}],"wp:term":[{"taxonomy":"category","embeddable":true,"href":"https:\/\/www.paciepagliarigruppo.it\/de\/wp-json\/wp\/v2\/categories?post=12388"},{"taxonomy":"post_tag","embeddable":true,"href":"https:\/\/www.paciepagliarigruppo.it\/de\/wp-json\/wp\/v2\/tags?post=12388"}],"curies":[{"name":"wp","href":"https:\/\/api.w.org\/{rel}","templated":true}]}}